{"id":662,"__str__":"Indica\u00e7\u00e3o n\u00ba 48 de 2019","link_detail_backend":"/materia/662","metadata":{},"numero":48,"ano":2019,"numero_protocolo":null,"data_apresentacao":"2019-06-04","tipo_apresentacao":"E","data_publicacao":null,"numero_origem_externa":"","ano_origem_externa":null,"data_origem_externa":null,"apelido":"","dias_prazo":null,"data_fim_prazo":null,"em_tramitacao":false,"polemica":null,"objeto":"","complementar":null,"ementa":"Requeiro nos termos do artigo 69 do Regimento Interno desta Casa Legislativa, INDICA\u00c7\u00c3O ao Secret\u00e1rio de Educa\u00e7\u00e3o de Estado do Amazonas, senhor Luiz Castro, atrav\u00e9s da Coordenadoria de Educa\u00e7\u00e3o de Parintins - SEDUC, para ANALISAR O CALEND\u00c1RIO DE REPOSI\u00c7\u00c3O DE AULAS DURANTE AOS S\u00c1BADOS A TODO AMAZONAS e d\u00e1 outras provid\u00eancias.","indexacao":"","observacao":"","resultado":"","texto_original":"http://sapl.parintins.am.leg.br/media/sapl/public/materialegislativa/2019/662/indicacao_048_2019.pdf","data_ultima_atualizacao":"2020-03-03T10:45:01.949224-04:00","ip":"131.72.98.34","ultima_edicao":null,"tipo":2,"regime_tramitacao":3,"tipo_origem_externa":null,"local_origem_externa":null,"user":22,"anexadas":[],"autores":[36]}