{"id":7524,"__str__":"Indica\u00e7\u00e3o n\u00ba 1236 de 2024","link_detail_backend":"/materia/7524","metadata":{"signs":{"texto_original":{"admin":[],"autores":[["Flavio da Costa Farias",["2024-11-18T10:12:12-03:00","ICP-Brasil"]]]}}},"numero":1236,"ano":2024,"numero_protocolo":1563,"data_apresentacao":"2024-11-18","tipo_apresentacao":"","data_publicacao":null,"numero_origem_externa":"","ano_origem_externa":null,"data_origem_externa":null,"apelido":"","dias_prazo":null,"data_fim_prazo":null,"em_tramitacao":true,"polemica":false,"objeto":"","complementar":false,"ementa":"Solicita a Prefeitura Municipal de Parintins, por meio Secret\u00e1ria Municipal de Obras e Servi\u00e7os P\u00fablicos \u2013 SEMOSP, para que fa\u00e7a o recapeamento asf\u00e1ltico da rua Nossa Senhora das Gra\u00e7as, no Ita\u00fana II, pr\u00f3ximo \u00e0 escola Municipal Luz do Saber .","indexacao":"","observacao":"","resultado":"","texto_original":"http://sapl.parintins.am.leg.br/media/sapl/public/materialegislativa/2024/7524/73.__recapeamento_-semosp_-_nossa_senhora_das_gracas__com_a_romualdo_correa.doc.pdf","data_ultima_atualizacao":"2024-11-18T09:29:36.929330-04:00","ip":"","ultima_edicao":null,"tipo":2,"regime_tramitacao":3,"tipo_origem_externa":null,"local_origem_externa":null,"user":null,"anexadas":[],"autores":[61]}