{"id":7590,"__str__":"Indica\u00e7\u00e3o n\u00ba 7 de 2025","link_detail_backend":"/materia/7590","metadata":{"signs":{"texto_original":{"admin":[],"autores":[["Flavio da Costa Farias",["2025-02-22T15:49:14-03:00","ICP-Brasil"]]]}}},"numero":7,"ano":2025,"numero_protocolo":7,"data_apresentacao":"2025-02-24","tipo_apresentacao":"","data_publicacao":null,"numero_origem_externa":"","ano_origem_externa":null,"data_origem_externa":null,"apelido":"","dias_prazo":null,"data_fim_prazo":null,"em_tramitacao":false,"polemica":false,"objeto":"","complementar":false,"ementa":"Solicita \u00e0 Prefeitura Municipal de Parintins, por meio da Secretaria Municipal de Sa\u00fade - SEMSA, para que fa\u00e7a a aquisi\u00e7\u00e3o de uma Ambul\u00e2ncia para a representa\u00e7\u00e3o de Parintins em Manaus.","indexacao":"","observacao":"","resultado":"","texto_original":"http://sapl.parintins.am.leg.br/media/sapl/public/materialegislativa/2025/7590/03.__indicacao_semsa_-_ambulancia_representacao_parintins.pdf","data_ultima_atualizacao":"2025-02-24T12:17:40.249284-04:00","ip":"","ultima_edicao":null,"tipo":2,"regime_tramitacao":3,"tipo_origem_externa":null,"local_origem_externa":null,"user":null,"anexadas":[],"autores":[61]}