{"id":7599,"__str__":"Indica\u00e7\u00e3o n\u00ba 14 de 2025","link_detail_backend":"/materia/7599","metadata":{"signs":{"texto_original":{"admin":[],"autores":[["Alex Garcia Cardoso",["2025-02-23T18:26:33-03:00","ICP-Brasil"]]]}}},"numero":14,"ano":2025,"numero_protocolo":16,"data_apresentacao":"2025-02-24","tipo_apresentacao":"","data_publicacao":null,"numero_origem_externa":"","ano_origem_externa":null,"data_origem_externa":null,"apelido":"","dias_prazo":null,"data_fim_prazo":null,"em_tramitacao":false,"polemica":false,"objeto":"","complementar":false,"ementa":"INDICA\u00c7\u00c3O \u00c0 PREFEITURA MUNICIPAL DE PARINTINS QUE REALIZE UMA UMA REUNI\u00c3O ENTRE O PODER LEGISLATIVO E OS SECRET\u00c1RIOS MUNICIPAIS PARA INTEGRA\u00c7\u00c3O E PLANEJAMENTO DA NOVA GEST\u00c3O E D\u00c1 OUTRAS PROVID\u00caNCIAS","indexacao":"","observacao":"","resultado":"","texto_original":"http://sapl.parintins.am.leg.br/media/sapl/public/materialegislativa/2025/7599/indicacao_-_reuniao_secretarios_e_legislativo.pdf","data_ultima_atualizacao":"2025-02-24T12:17:41.427056-04:00","ip":"","ultima_edicao":null,"tipo":2,"regime_tramitacao":3,"tipo_origem_externa":null,"local_origem_externa":null,"user":null,"anexadas":[],"autores":[56]}