{"id":7635,"__str__":"Indica\u00e7\u00e3o n\u00ba 41 de 2025","link_detail_backend":"/materia/7635","metadata":{"signs":{"texto_original":{"admin":[],"autores":[["Fernando Nogueira de Menezes",["2025-02-24T18:00:46-03:00","ICP-Brasil"]]]}}},"numero":41,"ano":2025,"numero_protocolo":50,"data_apresentacao":"2025-02-25","tipo_apresentacao":"","data_publicacao":null,"numero_origem_externa":"","ano_origem_externa":null,"data_origem_externa":null,"apelido":"","dias_prazo":null,"data_fim_prazo":null,"em_tramitacao":false,"polemica":false,"objeto":"","complementar":false,"ementa":"a Prefeitura Municipal de Parintins por interm\u00e9dio da Secretaria Municipal de Educa\u00e7\u00e3o (SEMED) e Secretaria Municipal de Obras P\u00fablicas (SEMOSP), a reforma e amplia\u00e7\u00e3o da escola pertencente a comunidade N. Sra. Aparecida do Miriti, e d\u00e1 outras provid\u00eancias","indexacao":"","observacao":"","resultado":"","texto_original":"http://sapl.parintins.am.leg.br/media/sapl/public/materialegislativa/2025/7635/reforma_escola_miriti.pdf","data_ultima_atualizacao":"2025-02-25T12:05:32.635319-04:00","ip":"","ultima_edicao":null,"tipo":2,"regime_tramitacao":3,"tipo_origem_externa":null,"local_origem_externa":null,"user":null,"anexadas":[],"autores":[59]}