{"id":7643,"__str__":"Projeto de Lei Ordin\u00e1ria n\u00ba 5 de 2025","link_detail_backend":"/materia/7643","metadata":{"signs":{"texto_original":{"admin":[],"autores":[["Flavio da Costa Farias",["2025-02-24T23:02:55-03:00","ICP-Brasil"]]]}}},"numero":5,"ano":2025,"numero_protocolo":58,"data_apresentacao":"2025-02-25","tipo_apresentacao":"","data_publicacao":null,"numero_origem_externa":"","ano_origem_externa":null,"data_origem_externa":null,"apelido":"","dias_prazo":null,"data_fim_prazo":null,"em_tramitacao":false,"polemica":false,"objeto":"","complementar":false,"ementa":"Disp\u00f5e sobre a inclus\u00e3o no calend\u00e1rio oficial de eventos do Munic\u00edpio de Parintins, o Festival das Araras Vermelha e Azul da Vila Amaz\u00f4nia, realizado anualmente, no \u00faltimo final de semana do m\u00eas de setembro.","indexacao":"","observacao":"","resultado":"","texto_original":"http://sapl.parintins.am.leg.br/media/sapl/public/materialegislativa/2025/7643/01._festival_das_cores_da_vila_amazonia.pdf","data_ultima_atualizacao":"2026-03-30T13:10:26.072355-04:00","ip":"","ultima_edicao":null,"tipo":3,"regime_tramitacao":3,"tipo_origem_externa":null,"local_origem_externa":null,"user":null,"anexadas":[],"autores":[61]}