{"id":7663,"__str__":"Indica\u00e7\u00e3o n\u00ba 62 de 2025","link_detail_backend":"/materia/7663","metadata":{"signs":{"texto_original":{"admin":[],"autores":[["Marcia Auxiliadora Cardoso Baranda",["2025-02-25T01:15:06-03:00","ICP-Brasil"]]]}}},"numero":62,"ano":2025,"numero_protocolo":78,"data_apresentacao":"2025-02-25","tipo_apresentacao":"","data_publicacao":null,"numero_origem_externa":"","ano_origem_externa":null,"data_origem_externa":null,"apelido":"","dias_prazo":null,"data_fim_prazo":null,"em_tramitacao":false,"polemica":false,"objeto":"","complementar":false,"ementa":"Requeiro nos termos do artigo 69 do Regimento Interno deste Poder \r\nLegislativo Municipal no sentido de solicitar do Governo do Estado do Amazonas, \r\natrav\u00e9s da Secretaria de Estado de Justi\u00e7a, Direitos Humanos e Cidadania (SEJUSC) \r\ne Secretaria Executiva de Direitos da Crian\u00e7a e do Adolescente (Sedca) a realiza\u00e7\u00e3o \r\nde Palestras para combate \u00e0 viol\u00eancia contra crian\u00e7as e adolescentes nas Escolas do \r\nmunic\u00edpio de Parintins, e d\u00e1 outras provid\u00eancias.","indexacao":"","observacao":"","resultado":"","texto_original":"http://sapl.parintins.am.leg.br/media/sapl/public/materialegislativa/2025/7663/palestras_escolas_sejusc.pdf","data_ultima_atualizacao":"2025-02-25T12:05:36.072105-04:00","ip":"","ultima_edicao":null,"tipo":2,"regime_tramitacao":3,"tipo_origem_externa":null,"local_origem_externa":null,"user":null,"anexadas":[],"autores":[60]}