{"id":7739,"__str__":"Veto Total ao Projeto de Lei n\u00ba 27 de 2025","link_detail_backend":"/materia/7739","metadata":{},"numero":27,"ano":2025,"numero_protocolo":null,"data_apresentacao":"2025-02-25","tipo_apresentacao":"E","data_publicacao":null,"numero_origem_externa":"","ano_origem_externa":null,"data_origem_externa":null,"apelido":"","dias_prazo":null,"data_fim_prazo":null,"em_tramitacao":true,"polemica":false,"objeto":"","complementar":false,"ementa":"Institui a Semana de Preven\u00e7\u00e3o da Gravidez na Adolesc\u00eancia no Munic\u00edpio de Parintins, Estado do Amazonas.","indexacao":"","observacao":"","resultado":"","texto_original":"http://sapl.parintins.am.leg.br/media/sapl/public/materialegislativa/2025/7739/mensagem_de_veto_no_27_2025.pdf","data_ultima_atualizacao":"2025-03-26T10:15:06.380709-04:00","ip":"186.219.164.130","ultima_edicao":"2025-03-11T11:01:33.039866-04:00","tipo":8,"regime_tramitacao":3,"tipo_origem_externa":null,"local_origem_externa":null,"user":2,"anexadas":[7341],"autores":[84]}