{"id":7762,"__str__":"Indica\u00e7\u00e3o n\u00ba 101 de 2025","link_detail_backend":"/materia/7762","metadata":{"signs":{"texto_original":{"admin":[],"autores":[["Flavio da Costa Farias",["2025-03-17T00:40:04-03:00","ICP-Brasil"]]]}}},"numero":101,"ano":2025,"numero_protocolo":133,"data_apresentacao":"2025-03-24","tipo_apresentacao":"","data_publicacao":null,"numero_origem_externa":"","ano_origem_externa":null,"data_origem_externa":null,"apelido":"","dias_prazo":null,"data_fim_prazo":null,"em_tramitacao":true,"polemica":false,"objeto":"","complementar":false,"ementa":"Solicita ao Governo do Estado do Estado do Amazonas a nomea\u00e7\u00e3o do Bumb\u00f3dromo de Parintins como \"Mestre Jair Mendes\".","indexacao":"","observacao":"","resultado":"","texto_original":"http://sapl.parintins.am.leg.br/media/sapl/public/materialegislativa/2025/7762/10._novo_nome_do_bumbodromo.pdf","data_ultima_atualizacao":"2025-03-24T12:14:33.591473-04:00","ip":"","ultima_edicao":null,"tipo":2,"regime_tramitacao":3,"tipo_origem_externa":null,"local_origem_externa":null,"user":null,"anexadas":[],"autores":[61]}