{"id":7833,"__str__":"Indica\u00e7\u00e3o n\u00ba 160 de 2025","link_detail_backend":"/materia/7833","metadata":{"signs":{"texto_original":{"admin":[],"autores":[["Alex Garcia Cardoso",["2025-03-25T09:09:32-03:00","ICP-Brasil"]]]}}},"numero":160,"ano":2025,"numero_protocolo":204,"data_apresentacao":"2025-03-25","tipo_apresentacao":"","data_publicacao":null,"numero_origem_externa":"","ano_origem_externa":null,"data_origem_externa":null,"apelido":"","dias_prazo":null,"data_fim_prazo":null,"em_tramitacao":true,"polemica":false,"objeto":"","complementar":false,"ementa":"INDICA\u00c7\u00c3O AO PREFEITO MATEUS ASSAYAG SOBRE A NECESSIDADE DE EXPEDI\u00c7\u00c3O DE UM DECRETO MUNICIPAL PARA INSTITUIR \u00c1REAS DE RESTRI\u00c7\u00c3O DE TR\u00c1FEGO DE CAMINH\u00d5ES E M\u00c1QUINAS PESADAS NA CIDADE DE PARINTINS.","indexacao":"","observacao":"","resultado":"","texto_original":"http://sapl.parintins.am.leg.br/media/sapl/public/materialegislativa/2025/7833/indicacao_-_necessidade_de_decreto_municipal_para_regularizacao_de_trafego_de_maquinas_pesadas_assinado.pdf","data_ultima_atualizacao":"2025-03-25T09:39:31.914711-04:00","ip":"","ultima_edicao":null,"tipo":2,"regime_tramitacao":3,"tipo_origem_externa":null,"local_origem_externa":null,"user":null,"anexadas":[],"autores":[56]}