{"id":7877,"__str__":"Mo\u00e7\u00e3o de Pesar n\u00ba 7 de 2025","link_detail_backend":"/materia/7877","metadata":{"signs":{"texto_original":{"admin":[],"autores":[["Marcia Auxiliadora Cardoso Baranda",["2025-03-31T01:47:26-03:00","ICP-Brasil"]]]}}},"numero":7,"ano":2025,"numero_protocolo":248,"data_apresentacao":"2025-03-31","tipo_apresentacao":"","data_publicacao":null,"numero_origem_externa":"","ano_origem_externa":null,"data_origem_externa":null,"apelido":"","dias_prazo":null,"data_fim_prazo":null,"em_tramitacao":true,"polemica":false,"objeto":"","complementar":false,"ementa":"Requeiro nos termos do artigo 70 do Regimento Interno desta Casa \r\nLegislativa no sentido de solicitar MO\u00c7\u00c3O DE PESAR a fam\u00edlia da Senhora BELINHA \r\nCUNHA CAMAR\u00c3O, pelo seu falecimento.","indexacao":"","observacao":"","resultado":"","texto_original":"http://sapl.parintins.am.leg.br/media/sapl/public/materialegislativa/2025/7877/mocao_de_pesar_dona_belinha.pdf","data_ultima_atualizacao":"2025-03-31T09:21:04.301641-04:00","ip":"","ultima_edicao":null,"tipo":10,"regime_tramitacao":3,"tipo_origem_externa":null,"local_origem_externa":null,"user":null,"anexadas":[],"autores":[60]}