{"id":7882,"__str__":"Indica\u00e7\u00e3o n\u00ba 204 de 2025","link_detail_backend":"/materia/7882","metadata":{"signs":{"texto_original":{"admin":[],"autores":[["Fernando Nogueira de Menezes",["2025-03-31T10:22:52-03:00","ICP-Brasil"]]]}}},"numero":204,"ano":2025,"numero_protocolo":253,"data_apresentacao":"2025-03-31","tipo_apresentacao":"","data_publicacao":null,"numero_origem_externa":"","ano_origem_externa":null,"data_origem_externa":null,"apelido":"","dias_prazo":null,"data_fim_prazo":null,"em_tramitacao":false,"polemica":false,"objeto":"","complementar":false,"ementa":"A Prefeitura Municipal de Parintins por interm\u00e9dio daSecretaria Municipal de Educa\u00e7\u00e3o (SEMED), e Secretaria Municipal de Obras e Servi\u00e7os P\u00fablicos (SEMOSP), a reforma da escola da comunidade Terra Preta do Mamur\u00fa, e d\u00e1 outras provid\u00eancias.","indexacao":"","observacao":"","resultado":"","texto_original":"http://sapl.parintins.am.leg.br/media/sapl/public/materialegislativa/2025/7882/indicacao_reforma_da_escola_mamuru.pdf","data_ultima_atualizacao":"2025-03-31T11:57:41.570208-04:00","ip":"","ultima_edicao":null,"tipo":2,"regime_tramitacao":3,"tipo_origem_externa":null,"local_origem_externa":null,"user":null,"anexadas":[],"autores":[59]}