{"id":7891,"__str__":"Indica\u00e7\u00e3o n\u00ba 213 de 2025","link_detail_backend":"/materia/7891","metadata":{"signs":{"texto_original":{"admin":[],"autores":[["Francisco Walteliton de Souza Pinto",["2025-04-01T00:15:02-03:00","ICP-Brasil"]]]}}},"numero":213,"ano":2025,"numero_protocolo":262,"data_apresentacao":"2025-04-01","tipo_apresentacao":"","data_publicacao":null,"numero_origem_externa":"","ano_origem_externa":null,"data_origem_externa":null,"apelido":"","dias_prazo":null,"data_fim_prazo":null,"em_tramitacao":true,"polemica":false,"objeto":"","complementar":false,"ementa":"\u00c0 Prefeitura Municipal de Parintins, por meio da Secretaria Municipal de Sa\u00fade (SEMSA), que amplie a campanha \"Maio Vermelho\", de conscientiza\u00e7\u00e3o e combate ao c\u00e2ncer de boca no munic\u00edpio","indexacao":"","observacao":"","resultado":"","texto_original":"http://sapl.parintins.am.leg.br/media/sapl/public/materialegislativa/2025/7891/04-_dia_01_indicacao_-_maio_vermelho-assinado.pdf","data_ultima_atualizacao":"2025-04-01T12:01:05.327406-04:00","ip":"","ultima_edicao":null,"tipo":2,"regime_tramitacao":3,"tipo_origem_externa":null,"local_origem_externa":null,"user":null,"anexadas":[],"autores":[10]}