{"id":8080,"__str__":"Indica\u00e7\u00e3o n\u00ba 373 de 2025","link_detail_backend":"/materia/8080","metadata":{"signs":{"texto_original":{"admin":[],"autores":[["Marcia Auxiliadora Cardoso Baranda",["2025-04-28T10:03:31-03:00","ICP-Brasil"]]]}}},"numero":373,"ano":2025,"numero_protocolo":444,"data_apresentacao":"2025-04-28","tipo_apresentacao":"","data_publicacao":null,"numero_origem_externa":"","ano_origem_externa":null,"data_origem_externa":null,"apelido":"","dias_prazo":null,"data_fim_prazo":null,"em_tramitacao":true,"polemica":false,"objeto":"","complementar":false,"ementa":"Indico nos termos do artigo 69 do Regimento Interno desta Casa \r\nLegislativa no sentido de solicitar do Governo do Estado do Amazonas, atrav\u00e9s da \r\nSecretaria de Estado de Justi\u00e7a, Direitos Humanos e Cidadania (SEJUSC) para a \r\nrealiza\u00e7\u00e3o de uma a\u00e7\u00e3o de cidadania no munic\u00edpio de Parintins, contemplando \r\norienta\u00e7\u00f5es sobre viola\u00e7\u00e3o de direitos de crian\u00e7as, mulheres e idosos voltadas para \r\nos profissionais de sa\u00fade, e a entrega de cadeiras de rodas para pessoas com \r\ndefici\u00eancia (PCD\u2019s) cadastradas na a\u00e7\u00e3o realizada em Parintins realizada no dia \r\n03/04/2025.","indexacao":"","observacao":"","resultado":"","texto_original":"http://sapl.parintins.am.leg.br/media/sapl/public/materialegislativa/2025/8080/secretaria_de_estado_de_justica_direitos_humanos_e_cidadania_sejusc.docx_1.pdf","data_ultima_atualizacao":"2025-04-28T10:03:59.420785-04:00","ip":"","ultima_edicao":null,"tipo":2,"regime_tramitacao":3,"tipo_origem_externa":null,"local_origem_externa":null,"user":null,"anexadas":[],"autores":[60]}