{"id":8181,"__str__":"Indica\u00e7\u00e3o n\u00ba 452 de 2025","link_detail_backend":"/materia/8181","metadata":{"signs":{"texto_original":{"admin":[],"autores":[["Alex Garcia Cardoso",["2025-05-13T09:00:50-04:00","ICP-Brasil"]]]}}},"numero":452,"ano":2025,"numero_protocolo":542,"data_apresentacao":"2025-05-13","tipo_apresentacao":"","data_publicacao":null,"numero_origem_externa":"","ano_origem_externa":null,"data_origem_externa":null,"apelido":"","dias_prazo":null,"data_fim_prazo":null,"em_tramitacao":true,"polemica":false,"objeto":"","complementar":false,"ementa":"\u00c0 PREFEITURA MUNICIPAL DE PARINTINS, PARA IMPLANTAR UM CENTRO DE REFER\u00caNCIA DE ASSIST\u00caNCIA SOCIAL-CRAS NA OCUPA\u00c7\u00c3O DO BAIRRO PASCOAL ALAGGIO E D\u00c1 OUTRAS PROVID\u00caNCIAS.","indexacao":"","observacao":"","resultado":"","texto_original":"http://sapl.parintins.am.leg.br/media/sapl/public/materialegislativa/2025/8181/indicacao_-_construcao_de_cras_no_pascoal.pdf","data_ultima_atualizacao":"2025-05-13T09:30:35.463680-04:00","ip":"","ultima_edicao":null,"tipo":2,"regime_tramitacao":3,"tipo_origem_externa":null,"local_origem_externa":null,"user":null,"anexadas":[],"autores":[56]}