{"id":8304,"__str__":"Mo\u00e7\u00e3o de Pesar n\u00ba 14 de 2025","link_detail_backend":"/materia/8304","metadata":{"signs":{"texto_original":{"admin":[],"autores":[["Paulo Cesar Rodrigues Linhares",["2025-05-26T11:23:32-03:00","ICP-Brasil"]]]}}},"numero":14,"ano":2025,"numero_protocolo":662,"data_apresentacao":"2025-05-26","tipo_apresentacao":"","data_publicacao":null,"numero_origem_externa":"","ano_origem_externa":null,"data_origem_externa":null,"apelido":"","dias_prazo":null,"data_fim_prazo":null,"em_tramitacao":true,"polemica":false,"objeto":"","complementar":false,"ementa":"Solicitar MO\u00c7\u00c3O DE PESAR \u00e0 fam\u00edlia  do Senhor Francinaldo Damasceno, carinhosamente conhecido como \u201cPrego\u201d, ocorrido no dia 25 de maio de 2025.","indexacao":"","observacao":"","resultado":"","texto_original":"http://sapl.parintins.am.leg.br/media/sapl/public/materialegislativa/2025/8304/mocao_pesar_para_familia_senhor__francinaldo__damasceno_26.05.2025._-assinado..pdf","data_ultima_atualizacao":"2025-05-26T10:55:12.013118-04:00","ip":"","ultima_edicao":null,"tipo":10,"regime_tramitacao":3,"tipo_origem_externa":null,"local_origem_externa":null,"user":null,"anexadas":[],"autores":[4]}