{"id":8509,"__str__":"Indica\u00e7\u00e3o n\u00ba 701 de 2025","link_detail_backend":"/materia/8509","metadata":{"signs":{"texto_original":{"admin":[],"autores":[["Francisco Walteliton de Souza Pinto",["2025-07-22T09:07:48-04:00","ICP-Brasil"]]]}}},"numero":701,"ano":2025,"numero_protocolo":845,"data_apresentacao":"2025-07-22","tipo_apresentacao":"","data_publicacao":null,"numero_origem_externa":"","ano_origem_externa":null,"data_origem_externa":null,"apelido":"","dias_prazo":null,"data_fim_prazo":null,"em_tramitacao":false,"polemica":false,"objeto":"","complementar":false,"ementa":"\u00c0 Prefeitura Municipal de Parintins, por meio Secretaria Municipal de Sa\u00fade (SEMSA), a inclus\u00e3o e amplia\u00e7\u00e3o do atendimento de fisioterapia comunit\u00e1ria nas Unidades B\u00e1sicas de Sa\u00fade (UBSs) e comunidades rurais e ribeirinhas, com enfoque no cuidado a pessoas com mobilidade reduzida ou sequelas diversas","indexacao":"","observacao":"","resultado":"","texto_original":"http://sapl.parintins.am.leg.br/media/sapl/public/materialegislativa/2025/8509/07-_dia_22_-_indicacao_-_inclusao_e_ampliacao_do_atendimento_de_fisioterapia_comunitaria_nas_unidades_basicas_de_saude_ubss_assinado.pdf","data_ultima_atualizacao":"2025-07-22T11:08:38.474375-04:00","ip":"","ultima_edicao":null,"tipo":2,"regime_tramitacao":3,"tipo_origem_externa":null,"local_origem_externa":null,"user":null,"anexadas":[],"autores":[10]}