{"id":8573,"__str__":"Requerimento n\u00ba 51 de 2025","link_detail_backend":"/materia/8573","metadata":{"signs":{"texto_original":{"admin":[],"autores":[["Jose Tupinamba Ribeiro Ponte",["2025-07-29T08:48:15-03:00","ICP-Brasil"]]]}}},"numero":51,"ano":2025,"numero_protocolo":906,"data_apresentacao":"2025-07-29","tipo_apresentacao":"","data_publicacao":null,"numero_origem_externa":"","ano_origem_externa":null,"data_origem_externa":null,"apelido":"","dias_prazo":null,"data_fim_prazo":null,"em_tramitacao":true,"polemica":false,"objeto":"","complementar":false,"ementa":"Solicitar a Secretaria Municipal de Sa\u00fade - SEMSA, informa\u00e7\u00e3o sobre o quadro de hor\u00e1rios dos funcion\u00e1rios que prestam atendimento na UBS Pe. Francisco Lupino, localizada da Vila Amaz\u00f4nia, e d\u00e1 outras provid\u00eancias.","indexacao":"","observacao":"","resultado":"","texto_original":"http://sapl.parintins.am.leg.br/media/sapl/public/materialegislativa/2025/8573/req._29.07_-_ubs_pe._lupino-assinado.pdf","data_ultima_atualizacao":"2025-07-29T09:22:26.534817-04:00","ip":"","ultima_edicao":null,"tipo":1,"regime_tramitacao":3,"tipo_origem_externa":null,"local_origem_externa":null,"user":null,"anexadas":[],"autores":[57]}