{"id":867,"__str__":"Mo\u00e7\u00e3o de Pesar n\u00ba 3 de 2020","link_detail_backend":"/materia/867","metadata":{},"numero":3,"ano":2020,"numero_protocolo":null,"data_apresentacao":"2020-06-04","tipo_apresentacao":"E","data_publicacao":null,"numero_origem_externa":"","ano_origem_externa":null,"data_origem_externa":null,"apelido":"","dias_prazo":null,"data_fim_prazo":null,"em_tramitacao":false,"polemica":false,"objeto":"","complementar":null,"ementa":"Requeiro nos termos do Art. 70 do Regimento Interno desta Casa Legislativa Mo\u00e7\u00e3o de Pesar pelo falecimento de Renato de Ara\u00fajo Pereira.","indexacao":"","observacao":"","resultado":"","texto_original":"http://sapl.parintins.am.leg.br/media/sapl/public/materialegislativa/2020/867/mocao_de_pesar_003-2020_-_vanessa_goncalves.pdf","data_ultima_atualizacao":"2020-06-08T19:25:14.661520-04:00","ip":"131.72.98.126","ultima_edicao":null,"tipo":10,"regime_tramitacao":3,"tipo_origem_externa":null,"local_origem_externa":null,"user":2,"anexadas":[],"autores":[12]}