{"id":8826,"__str__":"Indica\u00e7\u00e3o n\u00ba 960 de 2025","link_detail_backend":"/materia/8826","metadata":{"signs":{"texto_original":{"admin":[],"autores":[["Adson Oda da Silva",["2025-08-29T17:33:31-03:00","ICP-Brasil - Certificado PF A1"]]]}}},"numero":960,"ano":2025,"numero_protocolo":1146,"data_apresentacao":"2025-08-31","tipo_apresentacao":"","data_publicacao":null,"numero_origem_externa":"","ano_origem_externa":null,"data_origem_externa":null,"apelido":"","dias_prazo":null,"data_fim_prazo":null,"em_tramitacao":false,"polemica":false,"objeto":"","complementar":false,"ementa":"Requeiro, nos termos do artigo 69 do Regimento Interno desta Casa Legislativa, \u00e0 Mesa Diretora da C\u00e2mara Municipal de Parintins a realiza\u00e7\u00e3o de uma Sess\u00e3o Especial em homenagem aos 60 anos de funda\u00e7\u00e3o da Igreja Crist\u00e3 Evang\u00e9lica de Parintins, no dia 03 de outubro de 2025 e d\u00e1 outras provid\u00eancias","indexacao":"","observacao":"","resultado":"","texto_original":"http://sapl.parintins.am.leg.br/media/sapl/public/materialegislativa/2025/8826/sessao_especial_em_homenagem_aos_60_anos_de_fundacao_da_igreja_crista_evangelica_de_parintins.pdf","data_ultima_atualizacao":"2025-09-04T14:02:46.773283-04:00","ip":"","ultima_edicao":null,"tipo":2,"regime_tramitacao":3,"tipo_origem_externa":null,"local_origem_externa":null,"user":null,"anexadas":[],"autores":[86]}