{"id":8859,"__str__":"Indica\u00e7\u00e3o n\u00ba 986 de 2025","link_detail_backend":"/materia/8859","metadata":{"signs":{"texto_original":{"admin":[],"autores":[["Fabio Gadelha Cardoso",["2025-09-01T14:40:37-03:00","ICP-Brasil - Certificado PF A1"]]]}}},"numero":986,"ano":2025,"numero_protocolo":1179,"data_apresentacao":"2025-09-02","tipo_apresentacao":"","data_publicacao":null,"numero_origem_externa":"","ano_origem_externa":null,"data_origem_externa":null,"apelido":"","dias_prazo":null,"data_fim_prazo":null,"em_tramitacao":true,"polemica":false,"objeto":"","complementar":false,"ementa":"Indico, nos termos do artigo 69 do Regimento Interno desta Casa Legislativa, a Prefeitura Municipal de Parintins, juntamente com a Secretaria Municipal de Sa\u00fade (SEMSA), a implementa\u00e7\u00e3o do projeto Farm\u00e1cia Viva na cidade de Parintins.","indexacao":"","observacao":"","resultado":"","texto_original":"http://sapl.parintins.am.leg.br/media/sapl/public/materialegislativa/2025/8859/a_implementacao_do_projeto_farmacia_viva_na_cidade_de_parintins..pdf","data_ultima_atualizacao":"2025-09-04T10:13:31.105115-04:00","ip":"","ultima_edicao":null,"tipo":2,"regime_tramitacao":3,"tipo_origem_externa":null,"local_origem_externa":null,"user":null,"anexadas":[],"autores":[88]}