{"id":8867,"__str__":"Requerimento n\u00ba 68 de 2025","link_detail_backend":"/materia/8867","metadata":{"signs":{"texto_original":{"admin":[],"autores":[["Marcus Wilson Tardelly Lopes Cursino",["2025-09-01T23:50:29-03:00","ICP-Brasil - Certificado PF A1"]]]}}},"numero":68,"ano":2025,"numero_protocolo":1187,"data_apresentacao":"2025-09-02","tipo_apresentacao":"","data_publicacao":null,"numero_origem_externa":"","ano_origem_externa":null,"data_origem_externa":null,"apelido":"","dias_prazo":null,"data_fim_prazo":null,"em_tramitacao":false,"polemica":false,"objeto":"","complementar":false,"ementa":"Requeiro, nos termos do Art. 72 do Regimento Interno desta Casa Legislativa, \u00e0 Prefeitura Municipal de Parintins, por meio da Secretaria Municipal de Educa\u00e7\u00e3o (SEMED), informa\u00e7\u00f5es sobre o prazo reduzido para inscri\u00e7\u00e3o do Edital do Processo Seletivo, destinado ao preenchimento de vagas para cargos de provimento em comiss\u00e3o e cadastro de reserva de Gestor de Centro Educacional Infantil e de Escola Municipal de Ensino Fundamental da Rede Municipal de Ensino de Parintins.","indexacao":"","observacao":"","resultado":"","texto_original":"http://sapl.parintins.am.leg.br/media/sapl/public/materialegislativa/2025/8867/14_requerimento-assinado.pdf","data_ultima_atualizacao":"2025-09-04T10:41:10.040108-04:00","ip":"","ultima_edicao":null,"tipo":1,"regime_tramitacao":3,"tipo_origem_externa":null,"local_origem_externa":null,"user":null,"anexadas":[],"autores":[90]}