{"id":8897,"__str__":"Indica\u00e7\u00e3o n\u00ba 1017 de 2025","link_detail_backend":"/materia/8897","metadata":{"signs":{"texto_original":{"admin":[],"autores":[["Flavio da Costa Farias",["2025-09-07T20:45:39-03:00","ICP-Brasil"]]]}}},"numero":1017,"ano":2025,"numero_protocolo":1217,"data_apresentacao":"2025-09-08","tipo_apresentacao":"","data_publicacao":null,"numero_origem_externa":"","ano_origem_externa":null,"data_origem_externa":null,"apelido":"","dias_prazo":null,"data_fim_prazo":null,"em_tramitacao":true,"polemica":false,"objeto":"","complementar":false,"ementa":"Solicita a Prefeitura Municipal de Parintins, atrav\u00e9s da Secret\u00e1ria Municipal de Cultura e Economia Criativa para que forne\u00e7a aporte financeiro para a realiza\u00e7\u00e3o do Festival das Araras da Vila Amaz\u00f4nia.","indexacao":"","observacao":"","resultado":"","texto_original":"http://sapl.parintins.am.leg.br/media/sapl/public/materialegislativa/2025/8897/68._aporte_financeiro_parao_festival_das_araras_da_vila_amazonia_074437.pdf","data_ultima_atualizacao":"2025-09-08T08:36:22.842008-04:00","ip":"","ultima_edicao":null,"tipo":2,"regime_tramitacao":3,"tipo_origem_externa":null,"local_origem_externa":null,"user":null,"anexadas":[],"autores":[61]}