{"id":9019,"__str__":"Indica\u00e7\u00e3o n\u00ba 1114 de 2025","link_detail_backend":"/materia/9019","metadata":{"signs":{"texto_original":{"admin":[],"autores":[["Flavio da Costa Farias",["2025-09-19T22:15:24-03:00","ICP-Brasil"]]]}}},"numero":1114,"ano":2025,"numero_protocolo":1339,"data_apresentacao":"2025-09-21","tipo_apresentacao":"","data_publicacao":null,"numero_origem_externa":"","ano_origem_externa":null,"data_origem_externa":null,"apelido":"","dias_prazo":null,"data_fim_prazo":null,"em_tramitacao":true,"polemica":false,"objeto":"","complementar":false,"ementa":"Solicita \u00e0 Prefeitura Municipal de Parintins, por meio da Secretaria Municipal de Sa\u00fade \u2013 SEMSA, a constru\u00e7\u00e3o de uma Unidade B\u00e1sica de Sa\u00fade na Comunidade de S\u00e3o Sebasti\u00e3o do Saracura.","indexacao":"","observacao":"","resultado":"","texto_original":"http://sapl.parintins.am.leg.br/media/sapl/public/materialegislativa/2025/9019/77._ubs_na_comunidade_de_sao_sebastiao_do_saracura_091309.pdf","data_ultima_atualizacao":"2025-09-26T11:46:18.106610-04:00","ip":"","ultima_edicao":null,"tipo":2,"regime_tramitacao":3,"tipo_origem_externa":null,"local_origem_externa":null,"user":null,"anexadas":[],"autores":[61]}