{"id":9052,"__str__":"Indica\u00e7\u00e3o n\u00ba 1143 de 2025","link_detail_backend":"/materia/9052","metadata":{"signs":{"texto_original":{"admin":[],"autores":[["Francisco Walteliton de Souza Pinto",["2025-09-22T11:19:23-04:00","ICP-Brasil"]]]}}},"numero":1143,"ano":2025,"numero_protocolo":1372,"data_apresentacao":"2025-09-22","tipo_apresentacao":"","data_publicacao":null,"numero_origem_externa":"","ano_origem_externa":null,"data_origem_externa":null,"apelido":"","dias_prazo":null,"data_fim_prazo":null,"em_tramitacao":true,"polemica":false,"objeto":"","complementar":false,"ementa":"\u00c0 Prefeitura Municipal de Parintins, por meio das Secretarias competentes (Educa\u00e7\u00e3o, Sa\u00fade, Cultura e Assist\u00eancia Social), que seja implementado o Projeto de Reconhecimento e Valoriza\u00e7\u00e3o da LIBRAS no munic\u00edpio de Parintins, para garantir a inclus\u00e3o da comunidade surda e ampliar a utiliza\u00e7\u00e3o da L\u00edngua Brasileira de Sinais (Libras) em espa\u00e7os p\u00fablicos, escolas, unidades de sa\u00fade e eventos institucionais,","indexacao":"","observacao":"","resultado":"","texto_original":"http://sapl.parintins.am.leg.br/media/sapl/public/materialegislativa/2025/9052/09-_dia_23_indicacao_-_projeto_de_reconhecimento_e_valorizacao_da_libras_assinada_.pdf","data_ultima_atualizacao":"2025-09-26T12:17:41.163582-04:00","ip":"","ultima_edicao":null,"tipo":2,"regime_tramitacao":3,"tipo_origem_externa":null,"local_origem_externa":null,"user":null,"anexadas":[],"autores":[10]}