{"id":9064,"__str__":"Indica\u00e7\u00e3o n\u00ba 1154 de 2025","link_detail_backend":"/materia/9064","metadata":{"signs":{"texto_original":{"admin":[],"autores":[["Marcia Auxiliadora Cardoso Baranda",["2025-09-22T23:52:56-03:00","ICP-Brasil"]]]}}},"numero":1154,"ano":2025,"numero_protocolo":1384,"data_apresentacao":"2025-09-23","tipo_apresentacao":"","data_publicacao":null,"numero_origem_externa":"","ano_origem_externa":null,"data_origem_externa":null,"apelido":"","dias_prazo":null,"data_fim_prazo":null,"em_tramitacao":true,"polemica":false,"objeto":"","complementar":false,"ementa":"Indico, nos termos do artigo 69 do Regimento Interno desta Casa \r\nLegislativa no sentido de solicitar da Prefeitura Municipal de Parintins e do Governo \r\ndo Estado do Amazonas, atrav\u00e9s da Secretaria Municipal de Educa\u00e7\u00e3o \u2013 SEMED e \r\nSecretaria Estadual de Educa\u00e7\u00e3o - SEDUC, a expans\u00e3o do Projeto Destina\u00e7\u00e3o Social \r\nSustent\u00e1vel para outras escolas de ensino infantil do munic\u00edpio de Parintins e d\u00e1 \r\noutras provid\u00eancias.","indexacao":"","observacao":"","resultado":"","texto_original":"http://sapl.parintins.am.leg.br/media/sapl/public/materialegislativa/2025/9064/expansao_projeto_social_sustentavel.pdf","data_ultima_atualizacao":"2025-09-23T10:48:39.732154-04:00","ip":"","ultima_edicao":null,"tipo":2,"regime_tramitacao":3,"tipo_origem_externa":null,"local_origem_externa":null,"user":null,"anexadas":[],"autores":[60]}