{"id":9220,"__str__":"Indica\u00e7\u00e3o n\u00ba 1282 de 2025","link_detail_backend":"/materia/9220","metadata":{"signs":{"texto_original":{"admin":[],"autores":[["Flavio da Costa Farias",["2025-10-19T23:31:23-03:00","ICP-Brasil"]]]}}},"numero":1282,"ano":2025,"numero_protocolo":1541,"data_apresentacao":"2025-10-20","tipo_apresentacao":"","data_publicacao":null,"numero_origem_externa":"","ano_origem_externa":null,"data_origem_externa":null,"apelido":"","dias_prazo":null,"data_fim_prazo":null,"em_tramitacao":true,"polemica":false,"objeto":"","complementar":false,"ementa":"Solicita a Amazonas Energia a Implanta\u00e7\u00e3o do Programa Luz Para Todos do Governo Federal, atrav\u00e9s de instala\u00e7\u00e3o de Pain\u00e9is Fotovoltaicos nas Comunidades Nossa Senhora das Gra\u00e7as do Maraj\u00e1, S\u00e3o Jose do Paran\u00e1 do Meio, Nova Si\u00e3o do Rio Mamuru e N\u00facleo do Moura.","indexacao":"","observacao":"","resultado":"","texto_original":"http://sapl.parintins.am.leg.br/media/sapl/public/materialegislativa/2025/9220/83._implantacao_do_programa_luz_para_todos_102841.pdf","data_ultima_atualizacao":"2025-10-24T12:19:54.737186-04:00","ip":"","ultima_edicao":null,"tipo":2,"regime_tramitacao":3,"tipo_origem_externa":null,"local_origem_externa":null,"user":null,"anexadas":[],"autores":[61]}