{"id":9451,"__str__":"Projeto de Decreto Legislativo n\u00ba 25 de 2025","link_detail_backend":"/materia/9451","metadata":{"signs":{"texto_original":{"admin":[],"autores":[["Alex Garcia Cardoso",["2025-11-24T08:33:52-04:00","ICP-Brasil"]]]}}},"numero":25,"ano":2025,"numero_protocolo":1772,"data_apresentacao":"2025-11-24","tipo_apresentacao":"","data_publicacao":null,"numero_origem_externa":"","ano_origem_externa":null,"data_origem_externa":null,"apelido":"","dias_prazo":null,"data_fim_prazo":null,"em_tramitacao":true,"polemica":false,"objeto":"","complementar":false,"ementa":"QUE CONFERE A COMENDA DO M\u00c9RITO LEGISLATIVO \u201cMEDALHA RAIMUNDO ALMADA\u201d AO SENHOR GERALDO HENRIQUE SILVA DE MEDEIROS, PELOS RELEVANTES SERVI\u00c7OS PRESTADOS AO MUNIC\u00cdPIO DE PARINTINS E D\u00c1 OUTRAS PROVID\u00caNCIAS","indexacao":"","observacao":"","resultado":"","texto_original":"http://sapl.parintins.am.leg.br/media/sapl/public/materialegislativa/2025/9451/projeto_de_decreto_legislativo_medalha_raimundo_almada_-_henrique_medeiros.pdf","data_ultima_atualizacao":"2025-11-24T10:17:36.576504-04:00","ip":"","ultima_edicao":null,"tipo":4,"regime_tramitacao":3,"tipo_origem_externa":null,"local_origem_externa":null,"user":null,"anexadas":[],"autores":[56]}