{"id":9636,"__str__":"Indica\u00e7\u00e3o n\u00ba 123 de 2026","link_detail_backend":"/materia/9636","metadata":{"signs":{"texto_original":{"admin":[],"autores":[["Fabio Gadelha Cardoso",["2026-03-02T15:41:05-03:00","ICP-Brasil - AC SyngularID Multipla"]]]}}},"numero":123,"ano":2026,"numero_protocolo":149,"data_apresentacao":"2026-03-02","tipo_apresentacao":"","data_publicacao":null,"numero_origem_externa":"","ano_origem_externa":null,"data_origem_externa":null,"apelido":"","dias_prazo":null,"data_fim_prazo":null,"em_tramitacao":true,"polemica":false,"objeto":"","complementar":false,"ementa":"Indico, nos termos do artigo 69 do Regimento Interno desta Casa Legislativa, a Prefeitura Municipal de Parintins, juntamente com a Secretaria Municipal de Educa\u00e7\u00e3o - SEMED, a reforma e amplia\u00e7\u00e3o da Escola Santa Maria, na Comunidade do Remijo.","indexacao":"","observacao":"","resultado":"","texto_original":"http://sapl.parintins.am.leg.br/media/sapl/public/materialegislativa/2026/9636/a_reforma_e_ampliacao_da_escola_santa_maria_do_remijo.pdf","data_ultima_atualizacao":"2026-03-06T12:03:43.217320-04:00","ip":"","ultima_edicao":null,"tipo":2,"regime_tramitacao":3,"tipo_origem_externa":null,"local_origem_externa":null,"user":null,"anexadas":[],"autores":[88]}