{"id":9986,"__str__":"Requerimento n\u00ba 21 de 2026","link_detail_backend":"/materia/9986","metadata":{"signs":{"texto_original":{"admin":[],"autores":[["Carlos Julvan Silva de Medeiros",["2026-04-04T17:13:12-03:00","ICP-Brasil - AC SyngularID Multipla"]]]}}},"numero":21,"ano":2026,"numero_protocolo":499,"data_apresentacao":"2026-04-04","tipo_apresentacao":"","data_publicacao":null,"numero_origem_externa":"","ano_origem_externa":null,"data_origem_externa":null,"apelido":"","dias_prazo":null,"data_fim_prazo":null,"em_tramitacao":true,"polemica":false,"objeto":"","complementar":false,"ementa":"Requeiro nos termos do artigo 72 do Regimento Interno deste Poder Legislativo Municipal, no sentido de solicitar \u00e0 Prefeitura Municipal de Parintins, por meio da Secretaria Municipal de Sa\u00fade (SEMSA) informa\u00e7\u00f5es e provid\u00eancias acerca dos motivos t\u00e9cnicos ou administrativos que levaram \u00e0 paralisa\u00e7\u00e3o do equipamento de eletroencefalograma existente na Policl\u00ednica Padre Vit\u00f3rio, e qual o cronograma previsto para sua manuten\u00e7\u00e3o ou substitui\u00e7\u00e3o, no munic\u00edpio de Parintins.","indexacao":"","observacao":"","resultado":"","texto_original":"http://sapl.parintins.am.leg.br/media/sapl/public/materialegislativa/2026/9986/req_-_maquina_eletroencefalograma_-_mar_-_26.pdf","data_ultima_atualizacao":"2026-04-04T22:39:55.427809-04:00","ip":"","ultima_edicao":null,"tipo":1,"regime_tramitacao":3,"tipo_origem_externa":null,"local_origem_externa":null,"user":null,"anexadas":[],"autores":[89]}